{"id":30897,"date":"2023-05-05T20:04:26","date_gmt":"2023-05-05T23:04:26","guid":{"rendered":"https:\/\/conexaototalmkt.tk\/luarmeu\/?p=30897"},"modified":"2023-09-01T19:45:57","modified_gmt":"2023-09-01T22:45:57","slug":"desvendando-tendencias-moda-praia-para-arrasar-neste-verao","status":"publish","type":"post","link":"https:\/\/conexaototalmkt.tk\/luarmeu\/desvendando-tendencias-moda-praia-para-arrasar-neste-verao\/","title":{"rendered":"Desvendando Tend\u00eancias: Moda Praia para Arrasar neste Ver\u00e3o"},"content":{"rendered":"<p>O ver\u00e3o est\u00e1 chegando e com ele, a temporada mais aguardada do ano: a moda praia! Com dias ensolarados e \u00e1guas cristalinas chamando por n\u00f3s, \u00e9 hora de explorar as \u00faltimas tend\u00eancias e atualizar o guarda-roupa para arrasar na praia ou na piscina. Neste post, mergulharemos nas principais tend\u00eancias da moda praia que v\u00e3o fazer voc\u00ea se destacar e brilhar sob o sol neste ver\u00e3o. Prepare-se para um mergulho na eleg\u00e2ncia e conforto!<\/p>\n<h3><strong>Desvendando Tend\u00eancias: Moda Praia para Arrasar neste Ver\u00e3o<\/strong><\/h3>\n<p><strong>1. Cores Vibrantes e Estampas Exuberantes:<\/strong> Neste ver\u00e3o, a moda praia est\u00e1 abra\u00e7ando cores vibrantes e estampas exuberantes como nunca antes. Dos tons past\u00e9is \u00e0s cores neon, n\u00e3o tenha medo de apostar em biqu\u00ednis e mai\u00f4s que chamem a aten\u00e7\u00e3o. Estampas florais, tropicais e geom\u00e9tricas tamb\u00e9m est\u00e3o em alta, adicionando um toque de alegria e frescor ao seu visual.<\/p>\n<p><strong>2. Biqu\u00ednis com Recortes e Amarra\u00e7\u00f5es:<\/strong> Os biqu\u00ednis com recortes estrat\u00e9gicos e amarra\u00e7\u00f5es est\u00e3o dominando as praias nesta temporada. Esses detalhes ousados adicionam um toque de sensualidade e eleg\u00e2ncia ao mesmo tempo, destacando as curvas de forma sutil e sofisticada. Seja com tiras cruzadas, recortes vazados ou amarra\u00e7\u00f5es laterais, esses modelos s\u00e3o perfeitos para quem quer se sentir confiante e moderna.<\/p>\n<p><strong>3. Mai\u00f4s Reimaginados:<\/strong> Os mai\u00f4s n\u00e3o ficam para tr\u00e1s nas tend\u00eancias deste ano! Eles ganharam novos designs e estilos que os tornam verdadeiras pe\u00e7as de destaque. Decotes profundos, costas abertas, detalhes em renda ou transpar\u00eancias s\u00e3o algumas das op\u00e7\u00f5es dispon\u00edveis para quem deseja adicionar uma dose de glamour aos seus dias na praia. Al\u00e9m disso, os mai\u00f4s tamb\u00e9m podem ser combinados com saias ou shorts, transformando-os em pe\u00e7as vers\u00e1teis para passeios \u00e0 beira-mar.<\/p>\n<p><strong>4. Sa\u00eddas de Praia Estilosas:<\/strong> As sa\u00eddas de praia s\u00e3o um item indispens\u00e1vel para compor o look praiano. E, este ano, elas est\u00e3o mais estilosas do que nunca! Desde vestidos leves e fluidos at\u00e9 kaftans e cangas com estampas deslumbrantes, as op\u00e7\u00f5es s\u00e3o infinitas. As sobreposi\u00e7\u00f5es adicionam um toque de eleg\u00e2ncia descontra\u00edda, permitindo que voc\u00ea v\u00e1 da praia ao restaurante sem perder o charme.<\/p>\n<p><strong>5. Sustentabilidade em Alta:<\/strong> Al\u00e9m das tend\u00eancias de moda, a sustentabilidade ganha destaque tamb\u00e9m no universo da moda praia. Marcas t\u00eam investido em tecidos ecol\u00f3gicos e processos de fabrica\u00e7\u00e3o mais conscientes para minimizar o impacto ambiental. Ao escolher marcas comprometidas com a sustentabilidade, voc\u00ea pode se sentir bem em vestir uma roupa que combina estilo com responsabilidade ambiental.<\/p>\n<p>Este ver\u00e3o promete ser uma celebra\u00e7\u00e3o da moda praia, com cores vibrantes, estampas exuberantes, biqu\u00ednis com recortes e amarra\u00e7\u00f5es, mai\u00f4s elegantes e sa\u00eddas de praia estilosas. Aproveite a temporada para se sentir confiante, confort\u00e1vel e alinhada com as \u00faltimas tend\u00eancias. Lembre-se tamb\u00e9m da import\u00e2ncia de escolher marcas que abra\u00e7am a sustentabilidade, contribuindo para um futuro mais consciente e respons\u00e1vel. Agora \u00e9 s\u00f3 escolher o seu estilo favorito, aproveitar o sol e arrasar nas praias e piscinas!<\/p>\n","protected":false},"excerpt":{"rendered":"<p>O ver\u00e3o est\u00e1 chegando e com ele, a temporada mais aguardada do ano: a moda praia! Com dias ensolarados e<\/p>\n","protected":false},"author":10,"featured_media":31218,"comment_status":"open","ping_status":"open","sticky":false,"template":"","format":"standard","meta":{"footnotes":""},"categories":[435],"tags":[4123,4122,4124,4125],"class_list":["post-30897","post","type-post","status-publish","format-standard","has-post-thumbnail","hentry","category-moda","tag-moda-praia","tag-moda-verao","tag-tendencias-moda-praia","tag-tendencias-verao"],"_links":{"self":[{"href":"https:\/\/conexaototalmkt.tk\/luarmeu\/wp-json\/wp\/v2\/posts\/30897","targetHints":{"allow":["GET"]}}],"collection":[{"href":"https:\/\/conexaototalmkt.tk\/luarmeu\/wp-json\/wp\/v2\/posts"}],"about":[{"href":"https:\/\/conexaototalmkt.tk\/luarmeu\/wp-json\/wp\/v2\/types\/post"}],"author":[{"embeddable":true,"href":"https:\/\/conexaototalmkt.tk\/luarmeu\/wp-json\/wp\/v2\/users\/10"}],"replies":[{"embeddable":true,"href":"https:\/\/conexaototalmkt.tk\/luarmeu\/wp-json\/wp\/v2\/comments?post=30897"}],"version-history":[{"count":7,"href":"https:\/\/conexaototalmkt.tk\/luarmeu\/wp-json\/wp\/v2\/posts\/30897\/revisions"}],"predecessor-version":[{"id":30957,"href":"https:\/\/conexaototalmkt.tk\/luarmeu\/wp-json\/wp\/v2\/posts\/30897\/revisions\/30957"}],"wp:featuredmedia":[{"embeddable":true,"href":"https:\/\/conexaototalmkt.tk\/luarmeu\/wp-json\/wp\/v2\/media\/31218"}],"wp:attachment":[{"href":"https:\/\/conexaototalmkt.tk\/luarmeu\/wp-json\/wp\/v2\/media?parent=30897"}],"wp:term":[{"taxonomy":"category","embeddable":true,"href":"https:\/\/conexaototalmkt.tk\/luarmeu\/wp-json\/wp\/v2\/categories?post=30897"},{"taxonomy":"post_tag","embeddable":true,"href":"https:\/\/conexaototalmkt.tk\/luarmeu\/wp-json\/wp\/v2\/tags?post=30897"}],"curies":[{"name":"wp","href":"https:\/\/api.w.org\/{rel}","templated":true}]}}